{"id":893,"global_id":"djg-osnabrueck.de?id=893","global_id_lineage":["djg-osnabrueck.de?id=893"],"author":"4","status":"publish","date":"2023-03-22 12:00:26","date_utc":"2023-03-22 11:00:26","modified":"2023-03-22 12:00:59","modified_utc":"2023-03-22 11:00:59","url":"https:\/\/djg-osnabrueck.de\/?tribe_events=abschluss-kunstprojelt-asche-und-glut","rest_url":"https:\/\/djg-osnabrueck.de\/index.php?rest_route=\/tribe\/events\/v1\/events\/893","title":"Abschluss Kunstprojekt &#8222;Asche und Glut&#8220;","description":"<p>An der Au\u00dfenfassade der Osnabr\u00fccker Katharinenkirche wird bis zum 24.M\u00e4rz das Werk \u201eAsche und Glut\u201c von Johannes Eidt im Gro\u00dfformat (9 qm) zu sehen sein.<\/p>\n<p>Zum Abschluss des Kunstprojektes gestalten Superintendent Dr. Joachim Jeska und Pastor Otto Weymann am <strong>Freitag, 24.M\u00e4rz, um 18 Uhr<\/strong> im Steinwerk St. Katharinen einen Gottesdienst.<\/p>","excerpt":"","slug":"abschluss-kunstprojelt-asche-und-glut","image":false,"all_day":false,"start_date":"2023-03-24 18:00:00","start_date_details":{"year":"2023","month":"03","day":"24","hour":"18","minutes":"00","seconds":"00"},"end_date":"2023-03-24 19:00:00","end_date_details":{"year":"2023","month":"03","day":"24","hour":"19","minutes":"00","seconds":"00"},"utc_start_date":"2023-03-24 17:00:00","utc_start_date_details":{"year":"2023","month":"03","day":"24","hour":"17","minutes":"00","seconds":"00"},"utc_end_date":"2023-03-24 18:00:00","utc_end_date_details":{"year":"2023","month":"03","day":"24","hour":"18","minutes":"00","seconds":"00"},"timezone":"Europe\/Berlin","timezone_abbr":"CET","cost":"","cost_details":{"currency_symbol":"","currency_code":"","currency_position":"prefix","values":[]},"website":"","show_map":false,"show_map_link":false,"hide_from_listings":false,"sticky":false,"featured":false,"categories":[],"tags":[],"venue":[],"organizer":[],"custom_fields":[],"json_ld":{"@context":"http:\/\/schema.org","@type":"Event","name":"Abschluss Kunstprojekt &#8222;Asche und Glut&#8220;","description":"&lt;p&gt;An der Au\u00dfenfassade der Osnabr\u00fccker Katharinenkirche wird bis zum 24.M\u00e4rz das Werk \u201eAsche und Glut\u201c von Johannes Eidt im Gro\u00dfformat (9 qm) zu sehen sein. Zum Abschluss des Kunstprojektes gestalten &hellip;&lt;\/p&gt;\\n","url":"https:\/\/djg-osnabrueck.de\/?tribe_events=abschluss-kunstprojelt-asche-und-glut","eventAttendanceMode":"https:\/\/schema.org\/OfflineEventAttendanceMode","eventStatus":"https:\/\/schema.org\/EventScheduled","startDate":"2023-03-24T18:00:00+01:00","endDate":"2023-03-24T19:00:00+01:00","performer":"Organization"}}